{"id":580,"date":"2018-11-02T08:41:19","date_gmt":"2018-11-02T08:41:19","guid":{"rendered":"http:\/\/wp.bau-kultur-trier.de\/?p=580"},"modified":"2019-04-02T08:45:02","modified_gmt":"2019-04-02T08:45:02","slug":"schauen-sie-mal-innenarchitektur-aus-rheinland-pfalz%ef%bb%bf","status":"publish","type":"post","link":"https:\/\/bau-kultur-trier.de\/?p=580","title":{"rendered":"\u201eSchauen Sie mal! \u2013 Innenarchitektur aus Rheinland-Pfalz\u201c\ufeff"},"content":{"rendered":"\n<h3><p class=\"has-text-color has-background has-white-color\" style=\"background-color:orange\">Aktion  <img loading=\"lazy\" decoding=\"async\" src=\"https:\/\/bau-kultur-trier.de\/files\/Logo.PNG\" width=\"183\" height=\"35\"><\/p><\/h3>\n\n\n\n<p>Viele Lebensr\u00e4ume werden von Innenarchitekten gestaltet. Das k\u00f6nnen Arztpraxen genauso wie Restaurants oder B\u00fcrokomplexe sein. Aber auch Sanierungen und Umstrukturierungen werden von Innenarchitekten geplant und umgesetzt. Das T\u00e4tigkeitsfeld von Innenarchitekten &nbsp;ist vielf\u00e4ltig und umfasst ein viel gr\u00f6\u00dferes Bet\u00e4tigungsfeld, als gemeinhin angenommen wird.<\/p>\n\n\n\n<p>Lassen Sie sich \u00fcberraschen von dem breiten Spektrum dieser Berufsgruppe.&nbsp;<\/p>\n\n\n\n<p>Die Ausstellung<strong>&nbsp;<br>\u201eSchauen Sie mal! \u2013 Innenarchitektur aus Rheinland-Pfalz\u201c<\/strong><br>l\u00e4dt Sie dazu herzlich ein\n\n<\/p>\n","protected":false},"excerpt":{"rendered":"<p> Viele Lebensr\u00e4ume werden von Innenarchitekten gestaltet. Das k\u00f6nnen Arztpraxen genauso wie Restaurants oder B\u00fcrokomplexe sein. Aber auch Sanierungen und Umstrukturierungen werden von Innenarchitekten&#8230;<\/p>\n<h1>\n<p class=\"has-text-color has-background has-white-color\" style=\"background-color:orange\">Aktion <img loading=\"lazy\" decoding=\"async\" src=\"https:\/\/bau-kultur-trier.de\/files\/Logo.PNG\" width=\"183\" height=\"35\"><\/p>\n<\/h1>\n","protected":false},"author":2,"featured_media":0,"comment_status":"closed","ping_status":"open","sticky":false,"template":"","format":"standard","meta":{"footnotes":""},"categories":[11],"tags":[31,30,21,32],"class_list":["post-580","post","type-post","status-publish","format-standard","hentry","category-aktion","tag-aktion","tag-ankuendigung","tag-innenarchitektur","tag-schauen-sie-mal"],"_links":{"self":[{"href":"https:\/\/bau-kultur-trier.de\/index.php?rest_route=\/wp\/v2\/posts\/580","targetHints":{"allow":["GET"]}}],"collection":[{"href":"https:\/\/bau-kultur-trier.de\/index.php?rest_route=\/wp\/v2\/posts"}],"about":[{"href":"https:\/\/bau-kultur-trier.de\/index.php?rest_route=\/wp\/v2\/types\/post"}],"author":[{"embeddable":true,"href":"https:\/\/bau-kultur-trier.de\/index.php?rest_route=\/wp\/v2\/users\/2"}],"replies":[{"embeddable":true,"href":"https:\/\/bau-kultur-trier.de\/index.php?rest_route=%2Fwp%2Fv2%2Fcomments&post=580"}],"version-history":[{"count":2,"href":"https:\/\/bau-kultur-trier.de\/index.php?rest_route=\/wp\/v2\/posts\/580\/revisions"}],"predecessor-version":[{"id":583,"href":"https:\/\/bau-kultur-trier.de\/index.php?rest_route=\/wp\/v2\/posts\/580\/revisions\/583"}],"wp:attachment":[{"href":"https:\/\/bau-kultur-trier.de\/index.php?rest_route=%2Fwp%2Fv2%2Fmedia&parent=580"}],"wp:term":[{"taxonomy":"category","embeddable":true,"href":"https:\/\/bau-kultur-trier.de\/index.php?rest_route=%2Fwp%2Fv2%2Fcategories&post=580"},{"taxonomy":"post_tag","embeddable":true,"href":"https:\/\/bau-kultur-trier.de\/index.php?rest_route=%2Fwp%2Fv2%2Ftags&post=580"}],"curies":[{"name":"wp","href":"https:\/\/api.w.org\/{rel}","templated":true}]}}